{"id":685,"date":"2025-11-20T14:20:11","date_gmt":"2025-11-20T13:20:11","guid":{"rendered":"https:\/\/clsg.net\/?p=685"},"modified":"2025-11-22T17:21:49","modified_gmt":"2025-11-22T16:21:49","slug":"formation-en-communication-politique-etude-dopinion-et-image","status":"publish","type":"post","link":"https:\/\/clsg.net\/?p=685","title":{"rendered":"Formation en communication politique, \u00e9tude d&rsquo;opinion et image"},"content":{"rendered":"\n<p class=\"has-text-align-center has-text-color has-background has-link-color has-medium-font-size wp-elements-0b3cc115268ca33c5908f17a78953414\" style=\"color:#000000;background-color:#f39200\">Le CLSG organise une formation en communication politique \u2013 Etude d\u2019opinion &#8211; Image<\/p>\n\n\n\n<p class=\"has-text-color has-link-color has-larger-font-size wp-elements-70a8c9ab08f03a1835215a6886569063\" style=\"color:#124d9c\"><strong>Objectifs de la formation<\/strong><\/p>\n\n\n\n<p class=\"has-text-color has-link-color has-medium-font-size wp-elements-fd1bc8c0db2c173cba63b107a092317f\" style=\"color:#000000\">Cette formation vise \u00e0 renforcer les comp\u00e9tences des participants en mati\u00e8re de<strong> <\/strong>communication politique en leur fournissant des outils pratiques pour<strong>&nbsp;:<\/strong><\/p>\n\n\n\n<ul style=\"color:#000000\" class=\"wp-block-list has-text-color has-link-color wp-elements-ba1bc0b6e254ad995df80e8c31a062fd\">\n<li class=\"has-text-color has-link-color has-medium-font-size wp-elements-7de642703fdddb8911e3f00593b4d17c\" style=\"color:#000000\">Connaitre les \u00e9l\u00e9ments fondamentaux de la communication politique<\/li>\n\n\n\n<li class=\"has-text-color has-link-color has-medium-font-size wp-elements-f461ddf763319dcbd95a75b4fd7f6425\" style=\"color:#000000\">Maitriser les outils et techniques d\u2019\u00e9tude d\u2019opinion<\/li>\n\n\n\n<li class=\"has-text-color has-link-color has-medium-font-size wp-elements-52ac172ecd59abc10fadad314373b9ed\" style=\"color:#000000\">Elaborer une strat\u00e9gie, des supports, un plan d\u2019action, et un budget de communication sur mesure de fa\u00e7on &nbsp;efficace<\/li>\n\n\n\n<li class=\"has-text-color has-link-color has-medium-font-size wp-elements-13f8829ce47fe9d1b45fec07acece1e9\" style=\"color:#000000\">Construire et g\u00e9rer l\u2019image publique et les relations avec les m\u00e9dias.<\/li>\n<\/ul>\n\n\n\n<p class=\"has-text-color has-link-color has-larger-font-size wp-elements-c9ed528bebaef00daad7aa990a782b12\" style=\"color:#124d9c\"><strong>Public cible<\/strong><\/p>\n\n\n\n<ul class=\"wp-block-list\">\n<li class=\"has-text-color has-link-color has-medium-font-size wp-elements-c36970dab020a1188cbba5f5dab4ce97\" style=\"color:#000000\">Responsables politiques et institutionnels<\/li>\n\n\n\n<li class=\"has-text-color has-link-color has-medium-font-size wp-elements-3108a13ab6654070a0b2519c7358a5fc\" style=\"color:#000000\">Conseillers en communication et attach\u00e9s de presse<\/li>\n\n\n\n<li class=\"has-text-color has-link-color has-medium-font-size wp-elements-db24117e023abc4bad52fec3a79574e4\" style=\"color:#000000\">Etudiants et chercheurs<\/li>\n\n\n\n<li class=\"has-text-color has-link-color has-medium-font-size wp-elements-90bf716b942370651e1e6d31aedaea0c\" style=\"color:#000000\">Toute personne int\u00e9ress\u00e9e par les enjeux de la communication politique<\/li>\n<\/ul>\n\n\n\n<p class=\"has-text-color has-link-color has-larger-font-size wp-elements-30b1485c5c81fef184ad3b6a3a73c1f4\" style=\"color:#124d9c\"><strong>Date et heures<\/strong><\/p>\n\n\n\n<ul class=\"wp-block-list\">\n<li>Du 02 au 07 D\u00e9cembre 2025<\/li>\n\n\n\n<li>5 jours intensifs (9h00 \u2013 13h00 et 15h00- 19h00)  <\/li>\n<\/ul>\n\n\n\n<p class=\"has-text-color has-link-color has-larger-font-size wp-elements-2a0e6f885f86c8b9a55a448b54fddd7f\" style=\"color:#124d9c\"><strong>Intervenants<\/strong><\/p>\n\n\n\n<ul class=\"wp-block-list\">\n<li class=\"has-text-color has-link-color has-medium-font-size wp-elements-a87ad39277da32a9a6c0c49196f74ba5\" style=\"color:#000000\">Experts en communication politique<\/li>\n\n\n\n<li class=\"has-text-color has-link-color has-medium-font-size wp-elements-270f6f911c07ebc83b35865d5c2078a1\" style=\"color:#000000\">Sp\u00e9cialistes des m\u00e9dias<\/li>\n<\/ul>\n\n\n\n<p class=\"has-text-color has-link-color has-larger-font-size wp-elements-39db1c496d11a02a46c7fe88cb714d95\" style=\"color:#124d9c\"><strong>Programme d\u00e9taill\u00e9<\/strong><\/p>\n\n\n\n<ul style=\"color:#000000\" class=\"wp-block-list has-text-color has-link-color has-medium-font-size wp-elements-cc3b354106ae22d2b1f92f4374b59c98\">\n<li class=\"has-text-color has-link-color has-medium-font-size wp-elements-2fe8e5ecfeef10d47e54fee0f8887b58\" style=\"color:#000000\">La communication politique<\/li>\n\n\n\n<li>Les principes cl\u00e9s du politique<\/li>\n\n\n\n<li class=\"has-text-color has-link-color has-medium-font-size wp-elements-d7c997df3f88a6c0d98661a7eaebd4af\" style=\"color:#000000\">Etude d\u2019opinion<\/li>\n\n\n\n<li class=\"has-text-color has-link-color has-medium-font-size wp-elements-5facecf5dbcd538041cdcc49441d908e\" style=\"color:#000000\">Construction et gestion d\u2019image d\u2019acteurs<\/li>\n\n\n\n<li class=\"has-text-color has-link-color has-medium-font-size wp-elements-8cec46b73877933347179d56e12d1e48\" style=\"color:#000000\">L\u2019image du pouvoir<\/li>\n\n\n\n<li class=\"has-text-color has-link-color has-medium-font-size wp-elements-3d24c07535e7687996ddb5af4c3b763f\" style=\"color:#000000\">Les strat\u00e9gies de communication<\/li>\n\n\n\n<li>Les plans d&rsquo;action et budgets de communication<\/li>\n\n\n\n<li class=\"has-text-color has-link-color has-medium-font-size wp-elements-0e396758706de93cfa0ab4618353a6a7\" style=\"color:#000000\">Etude de cas<\/li>\n<\/ul>\n\n\n\n<p class=\"has-text-color has-link-color has-larger-font-size wp-elements-419a1fff75d1ef53605658f71fb3831d\" style=\"color:#124d9c\"><strong>Avantages pour les participants<\/strong><\/p>\n\n\n\n<ul class=\"wp-block-list\">\n<li class=\"has-text-color has-link-color has-medium-font-size wp-elements-ae0921d0a33cee90513d53274d5dce91\" style=\"color:#000000\">Attestation d\u00e9livr\u00e9e<\/li>\n\n\n\n<li class=\"has-text-color has-link-color has-medium-font-size wp-elements-f2c92f35e4ff8abd0fff8898c21aac08\" style=\"color:#000000\">Supports de formation<\/li>\n\n\n\n<li class=\"has-text-color has-link-color has-medium-font-size wp-elements-15f43b02e33a4b729f69e25baf1149c6\" style=\"color:#000000\">Etude de cas pratiques adapt\u00e9s au contexte guin\u00e9en et international<\/li>\n<\/ul>\n\n\n\n<p class=\"has-text-color has-link-color has-larger-font-size wp-elements-fc4d33a1805f16b16b4ed9df76cf4af9\" style=\"color:#124d9c\"><strong>Frais de participation<\/strong><\/p>\n\n\n\n<ul class=\"wp-block-list\">\n<li class=\"has-text-color has-link-color has-medium-font-size wp-elements-06df113f5d0a1e9e533a4324967c857f\" style=\"color:#000000\">Standard&nbsp;: 1.500.000 fg<\/li>\n\n\n\n<li class=\"has-text-color has-link-color has-medium-font-size wp-elements-9498831b0e65f5eda21e1615fdc5873c\" style=\"color:#000000\">Etudiants&nbsp;: 1.300.000 fg<\/li>\n<\/ul>\n\n\n\n<p class=\"has-text-color has-link-color has-large-font-size wp-elements-b9ee453b08146e72acff9e14aa8f98fb\" style=\"color:#f39200\"><strong>Date limite&nbsp;des inscriptions : <\/strong>29 Novembre 2025<strong> <\/strong><\/p>\n\n\n\n<div class=\"wp-block-buttons is-layout-flex wp-block-buttons-is-layout-flex\">\n<div class=\"wp-block-button\"><a class=\"wp-block-button__link wp-element-button\" href=\"https:\/\/clsg.net\/?page_id=314\">Pour vous inscrire, cliquez ici<\/a><\/div>\n<\/div>\n","protected":false},"excerpt":{"rendered":"<p>Le CLSG organise une formation en communication politique \u2013 Etude d\u2019opinion &#8211; Image Objectifs de la formation Cette formation vise \u00e0 renforcer les comp\u00e9tences des participants en mati\u00e8re de communication politique en leur fournissant des outils pratiques pour&nbsp;: Public cible Date et heures Intervenants Programme d\u00e9taill\u00e9 Avantages pour les participants Frais de participation Date limite&nbsp;des&#8230;<\/p>\n","protected":false},"author":2,"featured_media":698,"comment_status":"open","ping_status":"open","sticky":false,"template":"","format":"standard","meta":{"_kad_post_transparent":"","_kad_post_title":"","_kad_post_layout":"","_kad_post_sidebar_id":"","_kad_post_content_style":"","_kad_post_vertical_padding":"","_kad_post_feature":"","_kad_post_feature_position":"","_kad_post_header":false,"_kad_post_footer":false,"_kad_post_classname":"","footnotes":""},"categories":[5],"tags":[],"class_list":["post-685","post","type-post","status-publish","format-standard","has-post-thumbnail","hentry","category-formation"],"yoast_head":"<!-- This site is optimized with the Yoast SEO plugin v27.5 - https:\/\/yoast.com\/product\/yoast-seo-wordpress\/ -->\n<title>Formation en communication politique, \u00e9tude d&#039;opinion et image - Cabinet de Leadership et de Strat\u00e9gie de Guin\u00e9e<\/title>\n<meta name=\"robots\" content=\"index, follow, max-snippet:-1, max-image-preview:large, max-video-preview:-1\" \/>\n<link rel=\"canonical\" href=\"https:\/\/clsg.net\/?p=685\" \/>\n<meta property=\"og:locale\" content=\"fr_FR\" \/>\n<meta property=\"og:type\" content=\"article\" \/>\n<meta property=\"og:title\" content=\"Formation en communication politique, \u00e9tude d&#039;opinion et image - Cabinet de Leadership et de Strat\u00e9gie de Guin\u00e9e\" \/>\n<meta property=\"og:description\" content=\"Le CLSG organise une formation en communication politique \u2013 Etude d\u2019opinion &#8211; Image Objectifs de la formation Cette formation vise \u00e0 renforcer les comp\u00e9tences des participants en mati\u00e8re de communication politique en leur fournissant des outils pratiques pour&nbsp;: Public cible Date et heures Intervenants Programme d\u00e9taill\u00e9 Avantages pour les participants Frais de participation Date limite&nbsp;des...\" \/>\n<meta property=\"og:url\" content=\"https:\/\/clsg.net\/?p=685\" \/>\n<meta property=\"og:site_name\" content=\"Cabinet de Leadership et de Strat\u00e9gie de Guin\u00e9e\" \/>\n<meta property=\"article:publisher\" content=\"https:\/\/www.facebook.com\/share\/17hNBhzduQ\/\" \/>\n<meta property=\"article:published_time\" content=\"2025-11-20T13:20:11+00:00\" \/>\n<meta property=\"article:modified_time\" content=\"2025-11-22T16:21:49+00:00\" \/>\n<meta property=\"og:image\" content=\"https:\/\/clsg.net\/wp-content\/uploads\/2025\/11\/kjkj-1-e1763822593131-763x1024.png\" \/>\n\t<meta property=\"og:image:width\" content=\"763\" \/>\n\t<meta property=\"og:image:height\" content=\"1024\" \/>\n\t<meta property=\"og:image:type\" content=\"image\/png\" \/>\n<meta name=\"author\" content=\"Amadou Oury Sombili\" \/>\n<meta name=\"twitter:card\" content=\"summary_large_image\" \/>\n<meta name=\"twitter:label1\" content=\"\u00c9crit par\" \/>\n\t<meta name=\"twitter:data1\" content=\"Amadou Oury Sombili\" \/>\n\t<meta name=\"twitter:label2\" content=\"Dur\u00e9e de lecture estim\u00e9e\" \/>\n\t<meta name=\"twitter:data2\" content=\"2 minutes\" \/>\n<script type=\"application\/ld+json\" class=\"yoast-schema-graph\">{\"@context\":\"https:\\\/\\\/schema.org\",\"@graph\":[{\"@type\":\"Article\",\"@id\":\"https:\\\/\\\/clsg.net\\\/?p=685#article\",\"isPartOf\":{\"@id\":\"https:\\\/\\\/clsg.net\\\/?p=685\"},\"author\":{\"name\":\"Amadou Oury Sombili\",\"@id\":\"https:\\\/\\\/clsg.net\\\/#\\\/schema\\\/person\\\/5280728cad050a39f5f5d4c158f317e5\"},\"headline\":\"Formation en communication politique, \u00e9tude d&rsquo;opinion et image\",\"datePublished\":\"2025-11-20T13:20:11+00:00\",\"dateModified\":\"2025-11-22T16:21:49+00:00\",\"mainEntityOfPage\":{\"@id\":\"https:\\\/\\\/clsg.net\\\/?p=685\"},\"wordCount\":242,\"commentCount\":0,\"publisher\":{\"@id\":\"https:\\\/\\\/clsg.net\\\/#organization\"},\"image\":{\"@id\":\"https:\\\/\\\/clsg.net\\\/?p=685#primaryimage\"},\"thumbnailUrl\":\"https:\\\/\\\/clsg.net\\\/wp-content\\\/uploads\\\/2025\\\/11\\\/kjkj-1-e1763822593131.png\",\"articleSection\":[\"Formation\"],\"inLanguage\":\"fr-FR\",\"potentialAction\":[{\"@type\":\"CommentAction\",\"name\":\"Comment\",\"target\":[\"https:\\\/\\\/clsg.net\\\/?p=685#respond\"]}]},{\"@type\":\"WebPage\",\"@id\":\"https:\\\/\\\/clsg.net\\\/?p=685\",\"url\":\"https:\\\/\\\/clsg.net\\\/?p=685\",\"name\":\"Formation en communication politique, \u00e9tude d'opinion et image - Cabinet de Leadership et de Strat\u00e9gie de Guin\u00e9e\",\"isPartOf\":{\"@id\":\"https:\\\/\\\/clsg.net\\\/#website\"},\"primaryImageOfPage\":{\"@id\":\"https:\\\/\\\/clsg.net\\\/?p=685#primaryimage\"},\"image\":{\"@id\":\"https:\\\/\\\/clsg.net\\\/?p=685#primaryimage\"},\"thumbnailUrl\":\"https:\\\/\\\/clsg.net\\\/wp-content\\\/uploads\\\/2025\\\/11\\\/kjkj-1-e1763822593131.png\",\"datePublished\":\"2025-11-20T13:20:11+00:00\",\"dateModified\":\"2025-11-22T16:21:49+00:00\",\"breadcrumb\":{\"@id\":\"https:\\\/\\\/clsg.net\\\/?p=685#breadcrumb\"},\"inLanguage\":\"fr-FR\",\"potentialAction\":[{\"@type\":\"ReadAction\",\"target\":[\"https:\\\/\\\/clsg.net\\\/?p=685\"]}]},{\"@type\":\"ImageObject\",\"inLanguage\":\"fr-FR\",\"@id\":\"https:\\\/\\\/clsg.net\\\/?p=685#primaryimage\",\"url\":\"https:\\\/\\\/clsg.net\\\/wp-content\\\/uploads\\\/2025\\\/11\\\/kjkj-1-e1763822593131.png\",\"contentUrl\":\"https:\\\/\\\/clsg.net\\\/wp-content\\\/uploads\\\/2025\\\/11\\\/kjkj-1-e1763822593131.png\",\"width\":1696,\"height\":2275},{\"@type\":\"BreadcrumbList\",\"@id\":\"https:\\\/\\\/clsg.net\\\/?p=685#breadcrumb\",\"itemListElement\":[{\"@type\":\"ListItem\",\"position\":1,\"name\":\"Accueil\",\"item\":\"https:\\\/\\\/clsg.net\\\/\"},{\"@type\":\"ListItem\",\"position\":2,\"name\":\"Formation en communication politique, \u00e9tude d&rsquo;opinion et image\"}]},{\"@type\":\"WebSite\",\"@id\":\"https:\\\/\\\/clsg.net\\\/#website\",\"url\":\"https:\\\/\\\/clsg.net\\\/\",\"name\":\"Cabinet de Leadership et de Strat\u00e9gie de Guin\u00e9e (CLSG)\",\"description\":\"\",\"publisher\":{\"@id\":\"https:\\\/\\\/clsg.net\\\/#organization\"},\"alternateName\":\"CLSG\",\"potentialAction\":[{\"@type\":\"SearchAction\",\"target\":{\"@type\":\"EntryPoint\",\"urlTemplate\":\"https:\\\/\\\/clsg.net\\\/?s={search_term_string}\"},\"query-input\":{\"@type\":\"PropertyValueSpecification\",\"valueRequired\":true,\"valueName\":\"search_term_string\"}}],\"inLanguage\":\"fr-FR\"},{\"@type\":\"Organization\",\"@id\":\"https:\\\/\\\/clsg.net\\\/#organization\",\"name\":\"Cabinet de Leadership et de Strat\u00e9gie de Guin\u00e9e (CLSG)\",\"alternateName\":\"CLSG\",\"url\":\"https:\\\/\\\/clsg.net\\\/\",\"logo\":{\"@type\":\"ImageObject\",\"inLanguage\":\"fr-FR\",\"@id\":\"https:\\\/\\\/clsg.net\\\/#\\\/schema\\\/logo\\\/image\\\/\",\"url\":\"https:\\\/\\\/clsg.net\\\/wp-content\\\/uploads\\\/2025\\\/11\\\/cropped-cropped-logo.png\",\"contentUrl\":\"https:\\\/\\\/clsg.net\\\/wp-content\\\/uploads\\\/2025\\\/11\\\/cropped-cropped-logo.png\",\"width\":402,\"height\":396,\"caption\":\"Cabinet de Leadership et de Strat\u00e9gie de Guin\u00e9e (CLSG)\"},\"image\":{\"@id\":\"https:\\\/\\\/clsg.net\\\/#\\\/schema\\\/logo\\\/image\\\/\"},\"sameAs\":[\"https:\\\/\\\/www.facebook.com\\\/share\\\/17hNBhzduQ\\\/\"]},{\"@type\":\"Person\",\"@id\":\"https:\\\/\\\/clsg.net\\\/#\\\/schema\\\/person\\\/5280728cad050a39f5f5d4c158f317e5\",\"name\":\"Amadou Oury Sombili\",\"image\":{\"@type\":\"ImageObject\",\"inLanguage\":\"fr-FR\",\"@id\":\"https:\\\/\\\/secure.gravatar.com\\\/avatar\\\/beecf3bea08a0a136718270d6b96cd589cdcd9b3b5a877a8ef4ab9e492897139?s=96&d=mm&r=g\",\"url\":\"https:\\\/\\\/secure.gravatar.com\\\/avatar\\\/beecf3bea08a0a136718270d6b96cd589cdcd9b3b5a877a8ef4ab9e492897139?s=96&d=mm&r=g\",\"contentUrl\":\"https:\\\/\\\/secure.gravatar.com\\\/avatar\\\/beecf3bea08a0a136718270d6b96cd589cdcd9b3b5a877a8ef4ab9e492897139?s=96&d=mm&r=g\",\"caption\":\"Amadou Oury Sombili\"},\"url\":\"https:\\\/\\\/clsg.net\\\/?author=2\"}]}<\/script>\n<!-- \/ Yoast SEO plugin. -->","yoast_head_json":{"title":"Formation en communication politique, \u00e9tude d'opinion et image - Cabinet de Leadership et de Strat\u00e9gie de Guin\u00e9e","robots":{"index":"index","follow":"follow","max-snippet":"max-snippet:-1","max-image-preview":"max-image-preview:large","max-video-preview":"max-video-preview:-1"},"canonical":"https:\/\/clsg.net\/?p=685","og_locale":"fr_FR","og_type":"article","og_title":"Formation en communication politique, \u00e9tude d'opinion et image - Cabinet de Leadership et de Strat\u00e9gie de Guin\u00e9e","og_description":"Le CLSG organise une formation en communication politique \u2013 Etude d\u2019opinion &#8211; Image Objectifs de la formation Cette formation vise \u00e0 renforcer les comp\u00e9tences des participants en mati\u00e8re de communication politique en leur fournissant des outils pratiques pour&nbsp;: Public cible Date et heures Intervenants Programme d\u00e9taill\u00e9 Avantages pour les participants Frais de participation Date limite&nbsp;des...","og_url":"https:\/\/clsg.net\/?p=685","og_site_name":"Cabinet de Leadership et de Strat\u00e9gie de Guin\u00e9e","article_publisher":"https:\/\/www.facebook.com\/share\/17hNBhzduQ\/","article_published_time":"2025-11-20T13:20:11+00:00","article_modified_time":"2025-11-22T16:21:49+00:00","og_image":[{"width":763,"height":1024,"url":"https:\/\/clsg.net\/wp-content\/uploads\/2025\/11\/kjkj-1-e1763822593131-763x1024.png","type":"image\/png"}],"author":"Amadou Oury Sombili","twitter_card":"summary_large_image","twitter_misc":{"\u00c9crit par":"Amadou Oury Sombili","Dur\u00e9e de lecture estim\u00e9e":"2 minutes"},"schema":{"@context":"https:\/\/schema.org","@graph":[{"@type":"Article","@id":"https:\/\/clsg.net\/?p=685#article","isPartOf":{"@id":"https:\/\/clsg.net\/?p=685"},"author":{"name":"Amadou Oury Sombili","@id":"https:\/\/clsg.net\/#\/schema\/person\/5280728cad050a39f5f5d4c158f317e5"},"headline":"Formation en communication politique, \u00e9tude d&rsquo;opinion et image","datePublished":"2025-11-20T13:20:11+00:00","dateModified":"2025-11-22T16:21:49+00:00","mainEntityOfPage":{"@id":"https:\/\/clsg.net\/?p=685"},"wordCount":242,"commentCount":0,"publisher":{"@id":"https:\/\/clsg.net\/#organization"},"image":{"@id":"https:\/\/clsg.net\/?p=685#primaryimage"},"thumbnailUrl":"https:\/\/clsg.net\/wp-content\/uploads\/2025\/11\/kjkj-1-e1763822593131.png","articleSection":["Formation"],"inLanguage":"fr-FR","potentialAction":[{"@type":"CommentAction","name":"Comment","target":["https:\/\/clsg.net\/?p=685#respond"]}]},{"@type":"WebPage","@id":"https:\/\/clsg.net\/?p=685","url":"https:\/\/clsg.net\/?p=685","name":"Formation en communication politique, \u00e9tude d'opinion et image - Cabinet de Leadership et de Strat\u00e9gie de Guin\u00e9e","isPartOf":{"@id":"https:\/\/clsg.net\/#website"},"primaryImageOfPage":{"@id":"https:\/\/clsg.net\/?p=685#primaryimage"},"image":{"@id":"https:\/\/clsg.net\/?p=685#primaryimage"},"thumbnailUrl":"https:\/\/clsg.net\/wp-content\/uploads\/2025\/11\/kjkj-1-e1763822593131.png","datePublished":"2025-11-20T13:20:11+00:00","dateModified":"2025-11-22T16:21:49+00:00","breadcrumb":{"@id":"https:\/\/clsg.net\/?p=685#breadcrumb"},"inLanguage":"fr-FR","potentialAction":[{"@type":"ReadAction","target":["https:\/\/clsg.net\/?p=685"]}]},{"@type":"ImageObject","inLanguage":"fr-FR","@id":"https:\/\/clsg.net\/?p=685#primaryimage","url":"https:\/\/clsg.net\/wp-content\/uploads\/2025\/11\/kjkj-1-e1763822593131.png","contentUrl":"https:\/\/clsg.net\/wp-content\/uploads\/2025\/11\/kjkj-1-e1763822593131.png","width":1696,"height":2275},{"@type":"BreadcrumbList","@id":"https:\/\/clsg.net\/?p=685#breadcrumb","itemListElement":[{"@type":"ListItem","position":1,"name":"Accueil","item":"https:\/\/clsg.net\/"},{"@type":"ListItem","position":2,"name":"Formation en communication politique, \u00e9tude d&rsquo;opinion et image"}]},{"@type":"WebSite","@id":"https:\/\/clsg.net\/#website","url":"https:\/\/clsg.net\/","name":"Cabinet de Leadership et de Strat\u00e9gie de Guin\u00e9e (CLSG)","description":"","publisher":{"@id":"https:\/\/clsg.net\/#organization"},"alternateName":"CLSG","potentialAction":[{"@type":"SearchAction","target":{"@type":"EntryPoint","urlTemplate":"https:\/\/clsg.net\/?s={search_term_string}"},"query-input":{"@type":"PropertyValueSpecification","valueRequired":true,"valueName":"search_term_string"}}],"inLanguage":"fr-FR"},{"@type":"Organization","@id":"https:\/\/clsg.net\/#organization","name":"Cabinet de Leadership et de Strat\u00e9gie de Guin\u00e9e (CLSG)","alternateName":"CLSG","url":"https:\/\/clsg.net\/","logo":{"@type":"ImageObject","inLanguage":"fr-FR","@id":"https:\/\/clsg.net\/#\/schema\/logo\/image\/","url":"https:\/\/clsg.net\/wp-content\/uploads\/2025\/11\/cropped-cropped-logo.png","contentUrl":"https:\/\/clsg.net\/wp-content\/uploads\/2025\/11\/cropped-cropped-logo.png","width":402,"height":396,"caption":"Cabinet de Leadership et de Strat\u00e9gie de Guin\u00e9e (CLSG)"},"image":{"@id":"https:\/\/clsg.net\/#\/schema\/logo\/image\/"},"sameAs":["https:\/\/www.facebook.com\/share\/17hNBhzduQ\/"]},{"@type":"Person","@id":"https:\/\/clsg.net\/#\/schema\/person\/5280728cad050a39f5f5d4c158f317e5","name":"Amadou Oury Sombili","image":{"@type":"ImageObject","inLanguage":"fr-FR","@id":"https:\/\/secure.gravatar.com\/avatar\/beecf3bea08a0a136718270d6b96cd589cdcd9b3b5a877a8ef4ab9e492897139?s=96&d=mm&r=g","url":"https:\/\/secure.gravatar.com\/avatar\/beecf3bea08a0a136718270d6b96cd589cdcd9b3b5a877a8ef4ab9e492897139?s=96&d=mm&r=g","contentUrl":"https:\/\/secure.gravatar.com\/avatar\/beecf3bea08a0a136718270d6b96cd589cdcd9b3b5a877a8ef4ab9e492897139?s=96&d=mm&r=g","caption":"Amadou Oury Sombili"},"url":"https:\/\/clsg.net\/?author=2"}]}},"_links":{"self":[{"href":"https:\/\/clsg.net\/index.php?rest_route=\/wp\/v2\/posts\/685","targetHints":{"allow":["GET"]}}],"collection":[{"href":"https:\/\/clsg.net\/index.php?rest_route=\/wp\/v2\/posts"}],"about":[{"href":"https:\/\/clsg.net\/index.php?rest_route=\/wp\/v2\/types\/post"}],"author":[{"embeddable":true,"href":"https:\/\/clsg.net\/index.php?rest_route=\/wp\/v2\/users\/2"}],"replies":[{"embeddable":true,"href":"https:\/\/clsg.net\/index.php?rest_route=%2Fwp%2Fv2%2Fcomments&post=685"}],"version-history":[{"count":6,"href":"https:\/\/clsg.net\/index.php?rest_route=\/wp\/v2\/posts\/685\/revisions"}],"predecessor-version":[{"id":736,"href":"https:\/\/clsg.net\/index.php?rest_route=\/wp\/v2\/posts\/685\/revisions\/736"}],"wp:featuredmedia":[{"embeddable":true,"href":"https:\/\/clsg.net\/index.php?rest_route=\/wp\/v2\/media\/698"}],"wp:attachment":[{"href":"https:\/\/clsg.net\/index.php?rest_route=%2Fwp%2Fv2%2Fmedia&parent=685"}],"wp:term":[{"taxonomy":"category","embeddable":true,"href":"https:\/\/clsg.net\/index.php?rest_route=%2Fwp%2Fv2%2Fcategories&post=685"},{"taxonomy":"post_tag","embeddable":true,"href":"https:\/\/clsg.net\/index.php?rest_route=%2Fwp%2Fv2%2Ftags&post=685"}],"curies":[{"name":"wp","href":"https:\/\/api.w.org\/{rel}","templated":true}]}}